{"id":690,"date":"2010-02-25T10:26:43","date_gmt":"2010-02-25T09:26:43","guid":{"rendered":"http:\/\/www.tachesdencre.com\/blog\/?p=690"},"modified":"2016-06-22T12:39:32","modified_gmt":"2016-06-22T10:39:32","slug":"ladapt-handilearning","status":"publish","type":"post","link":"https:\/\/www.tachesdencre.com\/blog\/ladapt-handilearning\/","title":{"rendered":"L&rsquo;ADAPT &#8211; Handilearning\u00a9"},"content":{"rendered":"<p>Cr\u00e9\u00e9e en 1929, <a title=\"L'Adapt\" href=\"http:\/\/www.ladapt.net\/index.php\" target=\"_blank\">l&rsquo;ADAPT<\/a> est l&rsquo;une des associations les plus importantes dans le domaine de l&rsquo;accompagnement et de l&rsquo;insertion des personnes handicap\u00e9es.<\/p>\n<p>Le <a title=\"L'Adapt - Formation\" href=\"http:\/\/www.ladapt.net\/ewb_pages\/p\/presentation_formation_continue.php\" target=\"_blank\">d\u00e9partement national\u00a0Formation <\/a>de l&rsquo;ADAPT\u00a0\u00a0accompagne les entreprises qui souhaitent mettre en \u0153uvre une politique emploi handicap et\u00a0a con\u00e7u\u00a0un catalogue de formations innovantes, adapt\u00e9es \u00e0 toutes les probl\u00e9matiques.<\/p>\n<p>Mieux connaitre la diversit\u00e9 des situations de handicap, ne plus opposer handicap et comp\u00e9tences, en comprendre le retentissement dans la vie professionnelle autant d\u2019objectifs auxquels r\u00e9pond Handilearning\u00a9, le nouveau module de formation propos\u00e9 par L\u2019ADAPT depuis le 16 novembre 2009.<\/p>\n<p>Destin\u00e9 aux salari\u00e9s d\u2019entreprise, cet outil p\u00e9dagogique d\u00e9velopp\u00e9 aux normes SCORM et AICC, est consultable en ligne ou utilisable en version CD rom. 30 minutes durant, le personnage central du module, Max, guide l\u2019utilisateur dans sa navigation.<\/p>\n<p>Taches d&rsquo;encre est sollicit\u00e9 par le d\u00e9partement Formation de l&rsquo;ADAPT pour concevoir un coffret destin\u00e9 \u00e0 \u00eatre remis aux stagiaires b\u00e9n\u00e9ficiant du programme Handilearning\u00a9.<\/p>\n<p><strong>L&rsquo;Atelier a alors con\u00e7u et r\u00e9alis\u00e9 l&rsquo;ensemble du projet :<br \/>\n<\/strong>&#8211; Cr\u00e9ation de la charte graphique du coffret et de la plaquette de pr\u00e9sentation du programme Handilearning\u00a9<br \/>\n&#8211; Fabrication du coffret et impression des plaquettes<br \/>\n&#8211; Conception et production de\u00a0la cl\u00e9 USB contenant le module de formation et ins\u00e9r\u00e9e dans le coffret<\/p>\n","protected":false},"excerpt":{"rendered":"<p>Cr\u00e9\u00e9e en 1929, l&rsquo;ADAPT est l&rsquo;une des associations les plus importantes dans le domaine de l&rsquo;accompagnement et de l&rsquo;insertion des personnes handicap\u00e9es. Le d\u00e9partement national\u00a0Formation de l&rsquo;ADAPT\u00a0\u00a0accompagne les entreprises qui<a href=\"https:\/\/www.tachesdencre.com\/blog\/ladapt-handilearning\/\">&#8230;Read More<\/a><\/p>\n","protected":false},"author":1,"featured_media":695,"comment_status":"open","ping_status":"open","sticky":false,"template":"","format":"image","meta":{"_acf_changed":false,"footnotes":""},"categories":[1,12,11],"tags":[58,226,66],"class_list":["post-690","post","type-post","status-publish","format-image","has-post-thumbnail","hentry","category-activite","category-objet-activite","category-print-activite","tag-cle-usb","tag-coffret-cadeau","tag-plaquette","post_format-post-format-image"],"acf":[],"yoast_head":"<!-- This site is optimized with the Yoast SEO plugin v27.4 - https:\/\/yoast.com\/product\/yoast-seo-wordpress\/ -->\n<title>L&#039;ADAPT - Handilearning\u00a9 - Taches d&#039;encre<\/title>\n<meta name=\"robots\" content=\"index, follow, max-snippet:-1, max-image-preview:large, max-video-preview:-1\" \/>\n<link rel=\"canonical\" href=\"https:\/\/www.tachesdencre.com\/blog\/ladapt-handilearning\/\" \/>\n<meta property=\"og:locale\" content=\"fr_FR\" \/>\n<meta property=\"og:type\" content=\"article\" \/>\n<meta property=\"og:title\" content=\"L&#039;ADAPT - Handilearning\u00a9 - Taches d&#039;encre\" \/>\n<meta property=\"og:description\" content=\"Cr\u00e9\u00e9e en 1929, l&rsquo;ADAPT est l&rsquo;une des associations les plus importantes dans le domaine de l&rsquo;accompagnement et de l&rsquo;insertion des personnes handicap\u00e9es. Le d\u00e9partement national\u00a0Formation de l&rsquo;ADAPT\u00a0\u00a0accompagne les entreprises qui...Read More\" \/>\n<meta property=\"og:url\" content=\"https:\/\/www.tachesdencre.com\/blog\/ladapt-handilearning\/\" \/>\n<meta property=\"og:site_name\" content=\"Taches d&#039;encre\" \/>\n<meta property=\"article:publisher\" content=\"https:\/\/www.facebook.com\/pages\/Taches-dencre-LAtelier-qui-se-d%c3%a9tache\/202015649333\" \/>\n<meta property=\"article:author\" content=\"http:\/\/www.facebook.com\/yoni.sellam\" \/>\n<meta property=\"article:published_time\" content=\"2010-02-25T09:26:43+00:00\" \/>\n<meta property=\"article:modified_time\" content=\"2016-06-22T10:39:32+00:00\" \/>\n<meta property=\"og:image\" content=\"https:\/\/www.tachesdencre.com\/blog\/wp-content\/uploads\/2010\/02\/coffret-handilearning-ladapt.jpg\" \/>\n\t<meta property=\"og:image:width\" content=\"520\" \/>\n\t<meta property=\"og:image:height\" content=\"281\" \/>\n\t<meta property=\"og:image:type\" content=\"image\/jpeg\" \/>\n<meta name=\"author\" content=\"Yoni SELLAM\" \/>\n<meta name=\"twitter:card\" content=\"summary_large_image\" \/>\n<meta name=\"twitter:creator\" content=\"@yonisellam\" \/>\n<meta name=\"twitter:site\" content=\"@tachesdencre\" \/>\n<meta name=\"twitter:label1\" content=\"\u00c9crit par\" \/>\n\t<meta name=\"twitter:data1\" content=\"Yoni SELLAM\" \/>\n\t<meta name=\"twitter:label2\" content=\"Dur\u00e9e de lecture estim\u00e9e\" \/>\n\t<meta name=\"twitter:data2\" content=\"1 minute\" \/>\n<script type=\"application\/ld+json\" class=\"yoast-schema-graph\">{\"@context\":\"https:\\\/\\\/schema.org\",\"@graph\":[{\"@type\":\"Article\",\"@id\":\"https:\\\/\\\/www.tachesdencre.com\\\/blog\\\/ladapt-handilearning\\\/#article\",\"isPartOf\":{\"@id\":\"https:\\\/\\\/www.tachesdencre.com\\\/blog\\\/ladapt-handilearning\\\/\"},\"author\":{\"name\":\"Yoni SELLAM\",\"@id\":\"https:\\\/\\\/www.tachesdencre.com\\\/blog\\\/#\\\/schema\\\/person\\\/c4ac312053f3f2f36f72295f057c304a\"},\"headline\":\"L&rsquo;ADAPT &#8211; Handilearning\u00a9\",\"datePublished\":\"2010-02-25T09:26:43+00:00\",\"dateModified\":\"2016-06-22T10:39:32+00:00\",\"mainEntityOfPage\":{\"@id\":\"https:\\\/\\\/www.tachesdencre.com\\\/blog\\\/ladapt-handilearning\\\/\"},\"wordCount\":237,\"commentCount\":0,\"publisher\":{\"@id\":\"https:\\\/\\\/www.tachesdencre.com\\\/blog\\\/#organization\"},\"image\":{\"@id\":\"https:\\\/\\\/www.tachesdencre.com\\\/blog\\\/ladapt-handilearning\\\/#primaryimage\"},\"thumbnailUrl\":\"https:\\\/\\\/www.tachesdencre.com\\\/blog\\\/wp-content\\\/uploads\\\/2010\\\/02\\\/coffret-handilearning-ladapt.jpg\",\"keywords\":[\"cl\u00e9s USB\",\"Coffret Cadeau\",\"plaquette\"],\"articleSection\":[\"Notre Activit\u00e9\",\"Objet\",\"Print\"],\"inLanguage\":\"fr-FR\",\"potentialAction\":[{\"@type\":\"CommentAction\",\"name\":\"Comment\",\"target\":[\"https:\\\/\\\/www.tachesdencre.com\\\/blog\\\/ladapt-handilearning\\\/#respond\"]}]},{\"@type\":\"WebPage\",\"@id\":\"https:\\\/\\\/www.tachesdencre.com\\\/blog\\\/ladapt-handilearning\\\/\",\"url\":\"https:\\\/\\\/www.tachesdencre.com\\\/blog\\\/ladapt-handilearning\\\/\",\"name\":\"L'ADAPT - Handilearning\u00a9 - Taches d&#039;encre\",\"isPartOf\":{\"@id\":\"https:\\\/\\\/www.tachesdencre.com\\\/blog\\\/#website\"},\"primaryImageOfPage\":{\"@id\":\"https:\\\/\\\/www.tachesdencre.com\\\/blog\\\/ladapt-handilearning\\\/#primaryimage\"},\"image\":{\"@id\":\"https:\\\/\\\/www.tachesdencre.com\\\/blog\\\/ladapt-handilearning\\\/#primaryimage\"},\"thumbnailUrl\":\"https:\\\/\\\/www.tachesdencre.com\\\/blog\\\/wp-content\\\/uploads\\\/2010\\\/02\\\/coffret-handilearning-ladapt.jpg\",\"datePublished\":\"2010-02-25T09:26:43+00:00\",\"dateModified\":\"2016-06-22T10:39:32+00:00\",\"breadcrumb\":{\"@id\":\"https:\\\/\\\/www.tachesdencre.com\\\/blog\\\/ladapt-handilearning\\\/#breadcrumb\"},\"inLanguage\":\"fr-FR\",\"potentialAction\":[{\"@type\":\"ReadAction\",\"target\":[\"https:\\\/\\\/www.tachesdencre.com\\\/blog\\\/ladapt-handilearning\\\/\"]}]},{\"@type\":\"ImageObject\",\"inLanguage\":\"fr-FR\",\"@id\":\"https:\\\/\\\/www.tachesdencre.com\\\/blog\\\/ladapt-handilearning\\\/#primaryimage\",\"url\":\"https:\\\/\\\/www.tachesdencre.com\\\/blog\\\/wp-content\\\/uploads\\\/2010\\\/02\\\/coffret-handilearning-ladapt.jpg\",\"contentUrl\":\"https:\\\/\\\/www.tachesdencre.com\\\/blog\\\/wp-content\\\/uploads\\\/2010\\\/02\\\/coffret-handilearning-ladapt.jpg\",\"width\":\"520\",\"height\":\"281\",\"caption\":\"coffret-handilearning-ladapt\"},{\"@type\":\"BreadcrumbList\",\"@id\":\"https:\\\/\\\/www.tachesdencre.com\\\/blog\\\/ladapt-handilearning\\\/#breadcrumb\",\"itemListElement\":[{\"@type\":\"ListItem\",\"position\":1,\"name\":\"Accueil\",\"item\":\"https:\\\/\\\/www.tachesdencre.com\\\/blog\\\/\"},{\"@type\":\"ListItem\",\"position\":2,\"name\":\"L&rsquo;ADAPT &#8211; Handilearning\u00a9\"}]},{\"@type\":\"WebSite\",\"@id\":\"https:\\\/\\\/www.tachesdencre.com\\\/blog\\\/#website\",\"url\":\"https:\\\/\\\/www.tachesdencre.com\\\/blog\\\/\",\"name\":\"Taches d&#039;encre\",\"description\":\"L&#039;Atelier qui se d\u00e9tache \\\/\\\/\\\/ web \\\/ print \\\/  objet \\\/ textile\",\"publisher\":{\"@id\":\"https:\\\/\\\/www.tachesdencre.com\\\/blog\\\/#organization\"},\"potentialAction\":[{\"@type\":\"SearchAction\",\"target\":{\"@type\":\"EntryPoint\",\"urlTemplate\":\"https:\\\/\\\/www.tachesdencre.com\\\/blog\\\/?s={search_term_string}\"},\"query-input\":{\"@type\":\"PropertyValueSpecification\",\"valueRequired\":true,\"valueName\":\"search_term_string\"}}],\"inLanguage\":\"fr-FR\"},{\"@type\":\"Organization\",\"@id\":\"https:\\\/\\\/www.tachesdencre.com\\\/blog\\\/#organization\",\"name\":\"TACHES D'ENCRE\",\"url\":\"https:\\\/\\\/www.tachesdencre.com\\\/blog\\\/\",\"logo\":{\"@type\":\"ImageObject\",\"inLanguage\":\"fr-FR\",\"@id\":\"https:\\\/\\\/www.tachesdencre.com\\\/blog\\\/#\\\/schema\\\/logo\\\/image\\\/\",\"url\":\"https:\\\/\\\/www.tachesdencre.com\\\/blog\\\/wp-content\\\/uploads\\\/2016\\\/06\\\/tachesdencre-homepage-1.png\",\"contentUrl\":\"https:\\\/\\\/www.tachesdencre.com\\\/blog\\\/wp-content\\\/uploads\\\/2016\\\/06\\\/tachesdencre-homepage-1.png\",\"width\":400,\"height\":236,\"caption\":\"TACHES D'ENCRE\"},\"image\":{\"@id\":\"https:\\\/\\\/www.tachesdencre.com\\\/blog\\\/#\\\/schema\\\/logo\\\/image\\\/\"},\"sameAs\":[\"https:\\\/\\\/www.facebook.com\\\/pages\\\/Taches-dencre-LAtelier-qui-se-d\u00e9tache\\\/202015649333\",\"https:\\\/\\\/x.com\\\/tachesdencre\"]},{\"@type\":\"Person\",\"@id\":\"https:\\\/\\\/www.tachesdencre.com\\\/blog\\\/#\\\/schema\\\/person\\\/c4ac312053f3f2f36f72295f057c304a\",\"name\":\"Yoni SELLAM\",\"sameAs\":[\"http:\\\/\\\/www.facebook.com\\\/yoni.sellam\",\"https:\\\/\\\/x.com\\\/yonisellam\"]}]}<\/script>\n<!-- \/ Yoast SEO plugin. -->","yoast_head_json":{"title":"L'ADAPT - Handilearning\u00a9 - Taches d&#039;encre","robots":{"index":"index","follow":"follow","max-snippet":"max-snippet:-1","max-image-preview":"max-image-preview:large","max-video-preview":"max-video-preview:-1"},"canonical":"https:\/\/www.tachesdencre.com\/blog\/ladapt-handilearning\/","og_locale":"fr_FR","og_type":"article","og_title":"L'ADAPT - Handilearning\u00a9 - Taches d&#039;encre","og_description":"Cr\u00e9\u00e9e en 1929, l&rsquo;ADAPT est l&rsquo;une des associations les plus importantes dans le domaine de l&rsquo;accompagnement et de l&rsquo;insertion des personnes handicap\u00e9es. Le d\u00e9partement national\u00a0Formation de l&rsquo;ADAPT\u00a0\u00a0accompagne les entreprises qui...Read More","og_url":"https:\/\/www.tachesdencre.com\/blog\/ladapt-handilearning\/","og_site_name":"Taches d&#039;encre","article_publisher":"https:\/\/www.facebook.com\/pages\/Taches-dencre-LAtelier-qui-se-d%c3%a9tache\/202015649333","article_author":"http:\/\/www.facebook.com\/yoni.sellam","article_published_time":"2010-02-25T09:26:43+00:00","article_modified_time":"2016-06-22T10:39:32+00:00","og_image":[{"width":520,"height":281,"url":"https:\/\/www.tachesdencre.com\/blog\/wp-content\/uploads\/2010\/02\/coffret-handilearning-ladapt.jpg","type":"image\/jpeg"}],"author":"Yoni SELLAM","twitter_card":"summary_large_image","twitter_creator":"@yonisellam","twitter_site":"@tachesdencre","twitter_misc":{"\u00c9crit par":"Yoni SELLAM","Dur\u00e9e de lecture estim\u00e9e":"1 minute"},"schema":{"@context":"https:\/\/schema.org","@graph":[{"@type":"Article","@id":"https:\/\/www.tachesdencre.com\/blog\/ladapt-handilearning\/#article","isPartOf":{"@id":"https:\/\/www.tachesdencre.com\/blog\/ladapt-handilearning\/"},"author":{"name":"Yoni SELLAM","@id":"https:\/\/www.tachesdencre.com\/blog\/#\/schema\/person\/c4ac312053f3f2f36f72295f057c304a"},"headline":"L&rsquo;ADAPT &#8211; Handilearning\u00a9","datePublished":"2010-02-25T09:26:43+00:00","dateModified":"2016-06-22T10:39:32+00:00","mainEntityOfPage":{"@id":"https:\/\/www.tachesdencre.com\/blog\/ladapt-handilearning\/"},"wordCount":237,"commentCount":0,"publisher":{"@id":"https:\/\/www.tachesdencre.com\/blog\/#organization"},"image":{"@id":"https:\/\/www.tachesdencre.com\/blog\/ladapt-handilearning\/#primaryimage"},"thumbnailUrl":"https:\/\/www.tachesdencre.com\/blog\/wp-content\/uploads\/2010\/02\/coffret-handilearning-ladapt.jpg","keywords":["cl\u00e9s USB","Coffret Cadeau","plaquette"],"articleSection":["Notre Activit\u00e9","Objet","Print"],"inLanguage":"fr-FR","potentialAction":[{"@type":"CommentAction","name":"Comment","target":["https:\/\/www.tachesdencre.com\/blog\/ladapt-handilearning\/#respond"]}]},{"@type":"WebPage","@id":"https:\/\/www.tachesdencre.com\/blog\/ladapt-handilearning\/","url":"https:\/\/www.tachesdencre.com\/blog\/ladapt-handilearning\/","name":"L'ADAPT - Handilearning\u00a9 - Taches d&#039;encre","isPartOf":{"@id":"https:\/\/www.tachesdencre.com\/blog\/#website"},"primaryImageOfPage":{"@id":"https:\/\/www.tachesdencre.com\/blog\/ladapt-handilearning\/#primaryimage"},"image":{"@id":"https:\/\/www.tachesdencre.com\/blog\/ladapt-handilearning\/#primaryimage"},"thumbnailUrl":"https:\/\/www.tachesdencre.com\/blog\/wp-content\/uploads\/2010\/02\/coffret-handilearning-ladapt.jpg","datePublished":"2010-02-25T09:26:43+00:00","dateModified":"2016-06-22T10:39:32+00:00","breadcrumb":{"@id":"https:\/\/www.tachesdencre.com\/blog\/ladapt-handilearning\/#breadcrumb"},"inLanguage":"fr-FR","potentialAction":[{"@type":"ReadAction","target":["https:\/\/www.tachesdencre.com\/blog\/ladapt-handilearning\/"]}]},{"@type":"ImageObject","inLanguage":"fr-FR","@id":"https:\/\/www.tachesdencre.com\/blog\/ladapt-handilearning\/#primaryimage","url":"https:\/\/www.tachesdencre.com\/blog\/wp-content\/uploads\/2010\/02\/coffret-handilearning-ladapt.jpg","contentUrl":"https:\/\/www.tachesdencre.com\/blog\/wp-content\/uploads\/2010\/02\/coffret-handilearning-ladapt.jpg","width":"520","height":"281","caption":"coffret-handilearning-ladapt"},{"@type":"BreadcrumbList","@id":"https:\/\/www.tachesdencre.com\/blog\/ladapt-handilearning\/#breadcrumb","itemListElement":[{"@type":"ListItem","position":1,"name":"Accueil","item":"https:\/\/www.tachesdencre.com\/blog\/"},{"@type":"ListItem","position":2,"name":"L&rsquo;ADAPT &#8211; Handilearning\u00a9"}]},{"@type":"WebSite","@id":"https:\/\/www.tachesdencre.com\/blog\/#website","url":"https:\/\/www.tachesdencre.com\/blog\/","name":"Taches d&#039;encre","description":"L&#039;Atelier qui se d\u00e9tache \/\/\/ web \/ print \/  objet \/ textile","publisher":{"@id":"https:\/\/www.tachesdencre.com\/blog\/#organization"},"potentialAction":[{"@type":"SearchAction","target":{"@type":"EntryPoint","urlTemplate":"https:\/\/www.tachesdencre.com\/blog\/?s={search_term_string}"},"query-input":{"@type":"PropertyValueSpecification","valueRequired":true,"valueName":"search_term_string"}}],"inLanguage":"fr-FR"},{"@type":"Organization","@id":"https:\/\/www.tachesdencre.com\/blog\/#organization","name":"TACHES D'ENCRE","url":"https:\/\/www.tachesdencre.com\/blog\/","logo":{"@type":"ImageObject","inLanguage":"fr-FR","@id":"https:\/\/www.tachesdencre.com\/blog\/#\/schema\/logo\/image\/","url":"https:\/\/www.tachesdencre.com\/blog\/wp-content\/uploads\/2016\/06\/tachesdencre-homepage-1.png","contentUrl":"https:\/\/www.tachesdencre.com\/blog\/wp-content\/uploads\/2016\/06\/tachesdencre-homepage-1.png","width":400,"height":236,"caption":"TACHES D'ENCRE"},"image":{"@id":"https:\/\/www.tachesdencre.com\/blog\/#\/schema\/logo\/image\/"},"sameAs":["https:\/\/www.facebook.com\/pages\/Taches-dencre-LAtelier-qui-se-d\u00e9tache\/202015649333","https:\/\/x.com\/tachesdencre"]},{"@type":"Person","@id":"https:\/\/www.tachesdencre.com\/blog\/#\/schema\/person\/c4ac312053f3f2f36f72295f057c304a","name":"Yoni SELLAM","sameAs":["http:\/\/www.facebook.com\/yoni.sellam","https:\/\/x.com\/yonisellam"]}]}},"_links":{"self":[{"href":"https:\/\/www.tachesdencre.com\/blog\/wp-json\/wp\/v2\/posts\/690","targetHints":{"allow":["GET"]}}],"collection":[{"href":"https:\/\/www.tachesdencre.com\/blog\/wp-json\/wp\/v2\/posts"}],"about":[{"href":"https:\/\/www.tachesdencre.com\/blog\/wp-json\/wp\/v2\/types\/post"}],"author":[{"embeddable":true,"href":"https:\/\/www.tachesdencre.com\/blog\/wp-json\/wp\/v2\/users\/1"}],"replies":[{"embeddable":true,"href":"https:\/\/www.tachesdencre.com\/blog\/wp-json\/wp\/v2\/comments?post=690"}],"version-history":[{"count":14,"href":"https:\/\/www.tachesdencre.com\/blog\/wp-json\/wp\/v2\/posts\/690\/revisions"}],"predecessor-version":[{"id":2873,"href":"https:\/\/www.tachesdencre.com\/blog\/wp-json\/wp\/v2\/posts\/690\/revisions\/2873"}],"wp:featuredmedia":[{"embeddable":true,"href":"https:\/\/www.tachesdencre.com\/blog\/wp-json\/wp\/v2\/media\/695"}],"wp:attachment":[{"href":"https:\/\/www.tachesdencre.com\/blog\/wp-json\/wp\/v2\/media?parent=690"}],"wp:term":[{"taxonomy":"category","embeddable":true,"href":"https:\/\/www.tachesdencre.com\/blog\/wp-json\/wp\/v2\/categories?post=690"},{"taxonomy":"post_tag","embeddable":true,"href":"https:\/\/www.tachesdencre.com\/blog\/wp-json\/wp\/v2\/tags?post=690"}],"curies":[{"name":"wp","href":"https:\/\/api.w.org\/{rel}","templated":true}]}}