{"id":477,"date":"2009-10-15T17:25:15","date_gmt":"2009-10-15T16:25:15","guid":{"rendered":"http:\/\/www.tachesdencre.com\/blog\/?p=477"},"modified":"2016-06-22T15:01:01","modified_gmt":"2016-06-22T13:01:01","slug":"ladapt-2","status":"publish","type":"post","link":"https:\/\/www.tachesdencre.com\/blog\/ladapt-2\/","title":{"rendered":"L&rsquo;ADAPT"},"content":{"rendered":"<p>Le site <a title=\"Travailler ensemble\" href=\"www.travaillerensemble.net \" target=\"_blank\">www.travaillerensemble.net <\/a>a \u00e9t\u00e9 cr\u00e9\u00e9 par <a title=\"l'ADAPT\" href=\"http:\/\/www.ladapt.net\/\" target=\"_blank\">L&rsquo;ADAPT<\/a>, organisatrice de la Semaine annuelle pour l&#8217;emploi des personnes handicap\u00e9es.<\/p>\n<p>Cet espace est enti\u00e8rement d\u00e9di\u00e9 aux candidats en situation de handicap et propose des services efficaces d&rsquo;accompagnement des entreprises qui mettent en oeuvre une politique active de recrutement des personnes handicap\u00e9es.<\/p>\n<p>L&rsquo;Atelier s&rsquo;est vu confier la conception et la r\u00e9alisation du Guide des Entreprises ouvertes \u00e0 toutes les comp\u00e9tences. Les entreprises pr\u00e9sent\u00e9es dans ce guide sont engag\u00e9es aux c\u00f4t\u00e9s de L\u2019ADAPT dans l\u2019insertion des personnes handicap\u00e9es. Ce guide est \u00e9galement<a title=\"Guide des entreprises ouvertes \u00e0 toutes les comp\u00e9tences\" href=\"http:\/\/www.travaillerensemble.net\/ewb_pages\/l\/le_guide_des_entreprises_ouvertes_a_toutes_les_competences1165.php\" target=\"_blank\"> disponible en ligne <\/a>en format \u00ab\u00a0fluidbook\u00a0\u00bb.<\/p>\n","protected":false},"excerpt":{"rendered":"<p>Le site www.travaillerensemble.net a \u00e9t\u00e9 cr\u00e9\u00e9 par L&rsquo;ADAPT, organisatrice de la Semaine annuelle pour l&#8217;emploi des personnes handicap\u00e9es. Cet espace est enti\u00e8rement d\u00e9di\u00e9 aux candidats en situation de handicap et<a href=\"https:\/\/www.tachesdencre.com\/blog\/ladapt-2\/\">&#8230;Read More<\/a><\/p>\n","protected":false},"author":1,"featured_media":568,"comment_status":"open","ping_status":"open","sticky":false,"template":"","format":"image","meta":{"_acf_changed":false,"footnotes":""},"categories":[1,11,10],"tags":[19,202,201,43,203],"class_list":["post-477","post","type-post","status-publish","format-image","has-post-thumbnail","hentry","category-activite","category-print-activite","category-web-activite","tag-association","tag-competences","tag-guide","tag-handicap","tag-recrutement","post_format-post-format-image"],"acf":[],"yoast_head":"<!-- This site is optimized with the Yoast SEO plugin v27.4 - https:\/\/yoast.com\/product\/yoast-seo-wordpress\/ -->\n<title>L&#039;ADAPT - Taches d&#039;encre<\/title>\n<meta name=\"robots\" content=\"index, follow, max-snippet:-1, max-image-preview:large, max-video-preview:-1\" \/>\n<link rel=\"canonical\" href=\"https:\/\/www.tachesdencre.com\/blog\/ladapt-2\/\" \/>\n<meta property=\"og:locale\" content=\"fr_FR\" \/>\n<meta property=\"og:type\" content=\"article\" \/>\n<meta property=\"og:title\" content=\"L&#039;ADAPT - Taches d&#039;encre\" \/>\n<meta property=\"og:description\" content=\"Le site www.travaillerensemble.net a \u00e9t\u00e9 cr\u00e9\u00e9 par L&rsquo;ADAPT, organisatrice de la Semaine annuelle pour l&#8217;emploi des personnes handicap\u00e9es. Cet espace est enti\u00e8rement d\u00e9di\u00e9 aux candidats en situation de handicap et...Read More\" \/>\n<meta property=\"og:url\" content=\"https:\/\/www.tachesdencre.com\/blog\/ladapt-2\/\" \/>\n<meta property=\"og:site_name\" content=\"Taches d&#039;encre\" \/>\n<meta property=\"article:publisher\" content=\"https:\/\/www.facebook.com\/pages\/Taches-dencre-LAtelier-qui-se-d%c3%a9tache\/202015649333\" \/>\n<meta property=\"article:author\" content=\"http:\/\/www.facebook.com\/yoni.sellam\" \/>\n<meta property=\"article:published_time\" content=\"2009-10-15T16:25:15+00:00\" \/>\n<meta property=\"article:modified_time\" content=\"2016-06-22T13:01:01+00:00\" \/>\n<meta property=\"og:image\" content=\"https:\/\/www.tachesdencre.com\/blog\/wp-content\/uploads\/2009\/12\/ladapt-guide-eotc.jpg\" \/>\n\t<meta property=\"og:image:width\" content=\"520\" \/>\n\t<meta property=\"og:image:height\" content=\"281\" \/>\n\t<meta property=\"og:image:type\" content=\"image\/jpeg\" \/>\n<meta name=\"author\" content=\"Yoni SELLAM\" \/>\n<meta name=\"twitter:card\" content=\"summary_large_image\" \/>\n<meta name=\"twitter:creator\" content=\"@yonisellam\" \/>\n<meta name=\"twitter:site\" content=\"@tachesdencre\" \/>\n<meta name=\"twitter:label1\" content=\"\u00c9crit par\" \/>\n\t<meta name=\"twitter:data1\" content=\"Yoni SELLAM\" \/>\n\t<meta name=\"twitter:label2\" content=\"Dur\u00e9e de lecture estim\u00e9e\" \/>\n\t<meta name=\"twitter:data2\" content=\"1 minute\" \/>\n<script type=\"application\/ld+json\" class=\"yoast-schema-graph\">{\"@context\":\"https:\\\/\\\/schema.org\",\"@graph\":[{\"@type\":\"Article\",\"@id\":\"https:\\\/\\\/www.tachesdencre.com\\\/blog\\\/ladapt-2\\\/#article\",\"isPartOf\":{\"@id\":\"https:\\\/\\\/www.tachesdencre.com\\\/blog\\\/ladapt-2\\\/\"},\"author\":{\"name\":\"Yoni SELLAM\",\"@id\":\"https:\\\/\\\/www.tachesdencre.com\\\/blog\\\/#\\\/schema\\\/person\\\/c4ac312053f3f2f36f72295f057c304a\"},\"headline\":\"L&rsquo;ADAPT\",\"datePublished\":\"2009-10-15T16:25:15+00:00\",\"dateModified\":\"2016-06-22T13:01:01+00:00\",\"mainEntityOfPage\":{\"@id\":\"https:\\\/\\\/www.tachesdencre.com\\\/blog\\\/ladapt-2\\\/\"},\"wordCount\":116,\"commentCount\":0,\"publisher\":{\"@id\":\"https:\\\/\\\/www.tachesdencre.com\\\/blog\\\/#organization\"},\"image\":{\"@id\":\"https:\\\/\\\/www.tachesdencre.com\\\/blog\\\/ladapt-2\\\/#primaryimage\"},\"thumbnailUrl\":\"https:\\\/\\\/www.tachesdencre.com\\\/blog\\\/wp-content\\\/uploads\\\/2009\\\/12\\\/ladapt-guide-eotc.jpg\",\"keywords\":[\"association\",\"comp\u00e9tences\",\"guide\",\"handicap\",\"recrutement\"],\"articleSection\":[\"Notre Activit\u00e9\",\"Print\",\"web\"],\"inLanguage\":\"fr-FR\",\"potentialAction\":[{\"@type\":\"CommentAction\",\"name\":\"Comment\",\"target\":[\"https:\\\/\\\/www.tachesdencre.com\\\/blog\\\/ladapt-2\\\/#respond\"]}]},{\"@type\":\"WebPage\",\"@id\":\"https:\\\/\\\/www.tachesdencre.com\\\/blog\\\/ladapt-2\\\/\",\"url\":\"https:\\\/\\\/www.tachesdencre.com\\\/blog\\\/ladapt-2\\\/\",\"name\":\"L'ADAPT - Taches d&#039;encre\",\"isPartOf\":{\"@id\":\"https:\\\/\\\/www.tachesdencre.com\\\/blog\\\/#website\"},\"primaryImageOfPage\":{\"@id\":\"https:\\\/\\\/www.tachesdencre.com\\\/blog\\\/ladapt-2\\\/#primaryimage\"},\"image\":{\"@id\":\"https:\\\/\\\/www.tachesdencre.com\\\/blog\\\/ladapt-2\\\/#primaryimage\"},\"thumbnailUrl\":\"https:\\\/\\\/www.tachesdencre.com\\\/blog\\\/wp-content\\\/uploads\\\/2009\\\/12\\\/ladapt-guide-eotc.jpg\",\"datePublished\":\"2009-10-15T16:25:15+00:00\",\"dateModified\":\"2016-06-22T13:01:01+00:00\",\"breadcrumb\":{\"@id\":\"https:\\\/\\\/www.tachesdencre.com\\\/blog\\\/ladapt-2\\\/#breadcrumb\"},\"inLanguage\":\"fr-FR\",\"potentialAction\":[{\"@type\":\"ReadAction\",\"target\":[\"https:\\\/\\\/www.tachesdencre.com\\\/blog\\\/ladapt-2\\\/\"]}]},{\"@type\":\"ImageObject\",\"inLanguage\":\"fr-FR\",\"@id\":\"https:\\\/\\\/www.tachesdencre.com\\\/blog\\\/ladapt-2\\\/#primaryimage\",\"url\":\"https:\\\/\\\/www.tachesdencre.com\\\/blog\\\/wp-content\\\/uploads\\\/2009\\\/12\\\/ladapt-guide-eotc.jpg\",\"contentUrl\":\"https:\\\/\\\/www.tachesdencre.com\\\/blog\\\/wp-content\\\/uploads\\\/2009\\\/12\\\/ladapt-guide-eotc.jpg\",\"width\":\"520\",\"height\":\"281\",\"caption\":\"ladapt-guide-eotc\"},{\"@type\":\"BreadcrumbList\",\"@id\":\"https:\\\/\\\/www.tachesdencre.com\\\/blog\\\/ladapt-2\\\/#breadcrumb\",\"itemListElement\":[{\"@type\":\"ListItem\",\"position\":1,\"name\":\"Accueil\",\"item\":\"https:\\\/\\\/www.tachesdencre.com\\\/blog\\\/\"},{\"@type\":\"ListItem\",\"position\":2,\"name\":\"L&rsquo;ADAPT\"}]},{\"@type\":\"WebSite\",\"@id\":\"https:\\\/\\\/www.tachesdencre.com\\\/blog\\\/#website\",\"url\":\"https:\\\/\\\/www.tachesdencre.com\\\/blog\\\/\",\"name\":\"Taches d&#039;encre\",\"description\":\"L&#039;Atelier qui se d\u00e9tache \\\/\\\/\\\/ web \\\/ print \\\/  objet \\\/ textile\",\"publisher\":{\"@id\":\"https:\\\/\\\/www.tachesdencre.com\\\/blog\\\/#organization\"},\"potentialAction\":[{\"@type\":\"SearchAction\",\"target\":{\"@type\":\"EntryPoint\",\"urlTemplate\":\"https:\\\/\\\/www.tachesdencre.com\\\/blog\\\/?s={search_term_string}\"},\"query-input\":{\"@type\":\"PropertyValueSpecification\",\"valueRequired\":true,\"valueName\":\"search_term_string\"}}],\"inLanguage\":\"fr-FR\"},{\"@type\":\"Organization\",\"@id\":\"https:\\\/\\\/www.tachesdencre.com\\\/blog\\\/#organization\",\"name\":\"TACHES D'ENCRE\",\"url\":\"https:\\\/\\\/www.tachesdencre.com\\\/blog\\\/\",\"logo\":{\"@type\":\"ImageObject\",\"inLanguage\":\"fr-FR\",\"@id\":\"https:\\\/\\\/www.tachesdencre.com\\\/blog\\\/#\\\/schema\\\/logo\\\/image\\\/\",\"url\":\"https:\\\/\\\/www.tachesdencre.com\\\/blog\\\/wp-content\\\/uploads\\\/2016\\\/06\\\/tachesdencre-homepage-1.png\",\"contentUrl\":\"https:\\\/\\\/www.tachesdencre.com\\\/blog\\\/wp-content\\\/uploads\\\/2016\\\/06\\\/tachesdencre-homepage-1.png\",\"width\":400,\"height\":236,\"caption\":\"TACHES D'ENCRE\"},\"image\":{\"@id\":\"https:\\\/\\\/www.tachesdencre.com\\\/blog\\\/#\\\/schema\\\/logo\\\/image\\\/\"},\"sameAs\":[\"https:\\\/\\\/www.facebook.com\\\/pages\\\/Taches-dencre-LAtelier-qui-se-d\u00e9tache\\\/202015649333\",\"https:\\\/\\\/x.com\\\/tachesdencre\"]},{\"@type\":\"Person\",\"@id\":\"https:\\\/\\\/www.tachesdencre.com\\\/blog\\\/#\\\/schema\\\/person\\\/c4ac312053f3f2f36f72295f057c304a\",\"name\":\"Yoni SELLAM\",\"sameAs\":[\"http:\\\/\\\/www.facebook.com\\\/yoni.sellam\",\"https:\\\/\\\/x.com\\\/yonisellam\"]}]}<\/script>\n<!-- \/ Yoast SEO plugin. -->","yoast_head_json":{"title":"L'ADAPT - Taches d&#039;encre","robots":{"index":"index","follow":"follow","max-snippet":"max-snippet:-1","max-image-preview":"max-image-preview:large","max-video-preview":"max-video-preview:-1"},"canonical":"https:\/\/www.tachesdencre.com\/blog\/ladapt-2\/","og_locale":"fr_FR","og_type":"article","og_title":"L'ADAPT - Taches d&#039;encre","og_description":"Le site www.travaillerensemble.net a \u00e9t\u00e9 cr\u00e9\u00e9 par L&rsquo;ADAPT, organisatrice de la Semaine annuelle pour l&#8217;emploi des personnes handicap\u00e9es. Cet espace est enti\u00e8rement d\u00e9di\u00e9 aux candidats en situation de handicap et...Read More","og_url":"https:\/\/www.tachesdencre.com\/blog\/ladapt-2\/","og_site_name":"Taches d&#039;encre","article_publisher":"https:\/\/www.facebook.com\/pages\/Taches-dencre-LAtelier-qui-se-d%c3%a9tache\/202015649333","article_author":"http:\/\/www.facebook.com\/yoni.sellam","article_published_time":"2009-10-15T16:25:15+00:00","article_modified_time":"2016-06-22T13:01:01+00:00","og_image":[{"width":520,"height":281,"url":"https:\/\/www.tachesdencre.com\/blog\/wp-content\/uploads\/2009\/12\/ladapt-guide-eotc.jpg","type":"image\/jpeg"}],"author":"Yoni SELLAM","twitter_card":"summary_large_image","twitter_creator":"@yonisellam","twitter_site":"@tachesdencre","twitter_misc":{"\u00c9crit par":"Yoni SELLAM","Dur\u00e9e de lecture estim\u00e9e":"1 minute"},"schema":{"@context":"https:\/\/schema.org","@graph":[{"@type":"Article","@id":"https:\/\/www.tachesdencre.com\/blog\/ladapt-2\/#article","isPartOf":{"@id":"https:\/\/www.tachesdencre.com\/blog\/ladapt-2\/"},"author":{"name":"Yoni SELLAM","@id":"https:\/\/www.tachesdencre.com\/blog\/#\/schema\/person\/c4ac312053f3f2f36f72295f057c304a"},"headline":"L&rsquo;ADAPT","datePublished":"2009-10-15T16:25:15+00:00","dateModified":"2016-06-22T13:01:01+00:00","mainEntityOfPage":{"@id":"https:\/\/www.tachesdencre.com\/blog\/ladapt-2\/"},"wordCount":116,"commentCount":0,"publisher":{"@id":"https:\/\/www.tachesdencre.com\/blog\/#organization"},"image":{"@id":"https:\/\/www.tachesdencre.com\/blog\/ladapt-2\/#primaryimage"},"thumbnailUrl":"https:\/\/www.tachesdencre.com\/blog\/wp-content\/uploads\/2009\/12\/ladapt-guide-eotc.jpg","keywords":["association","comp\u00e9tences","guide","handicap","recrutement"],"articleSection":["Notre Activit\u00e9","Print","web"],"inLanguage":"fr-FR","potentialAction":[{"@type":"CommentAction","name":"Comment","target":["https:\/\/www.tachesdencre.com\/blog\/ladapt-2\/#respond"]}]},{"@type":"WebPage","@id":"https:\/\/www.tachesdencre.com\/blog\/ladapt-2\/","url":"https:\/\/www.tachesdencre.com\/blog\/ladapt-2\/","name":"L'ADAPT - Taches d&#039;encre","isPartOf":{"@id":"https:\/\/www.tachesdencre.com\/blog\/#website"},"primaryImageOfPage":{"@id":"https:\/\/www.tachesdencre.com\/blog\/ladapt-2\/#primaryimage"},"image":{"@id":"https:\/\/www.tachesdencre.com\/blog\/ladapt-2\/#primaryimage"},"thumbnailUrl":"https:\/\/www.tachesdencre.com\/blog\/wp-content\/uploads\/2009\/12\/ladapt-guide-eotc.jpg","datePublished":"2009-10-15T16:25:15+00:00","dateModified":"2016-06-22T13:01:01+00:00","breadcrumb":{"@id":"https:\/\/www.tachesdencre.com\/blog\/ladapt-2\/#breadcrumb"},"inLanguage":"fr-FR","potentialAction":[{"@type":"ReadAction","target":["https:\/\/www.tachesdencre.com\/blog\/ladapt-2\/"]}]},{"@type":"ImageObject","inLanguage":"fr-FR","@id":"https:\/\/www.tachesdencre.com\/blog\/ladapt-2\/#primaryimage","url":"https:\/\/www.tachesdencre.com\/blog\/wp-content\/uploads\/2009\/12\/ladapt-guide-eotc.jpg","contentUrl":"https:\/\/www.tachesdencre.com\/blog\/wp-content\/uploads\/2009\/12\/ladapt-guide-eotc.jpg","width":"520","height":"281","caption":"ladapt-guide-eotc"},{"@type":"BreadcrumbList","@id":"https:\/\/www.tachesdencre.com\/blog\/ladapt-2\/#breadcrumb","itemListElement":[{"@type":"ListItem","position":1,"name":"Accueil","item":"https:\/\/www.tachesdencre.com\/blog\/"},{"@type":"ListItem","position":2,"name":"L&rsquo;ADAPT"}]},{"@type":"WebSite","@id":"https:\/\/www.tachesdencre.com\/blog\/#website","url":"https:\/\/www.tachesdencre.com\/blog\/","name":"Taches d&#039;encre","description":"L&#039;Atelier qui se d\u00e9tache \/\/\/ web \/ print \/  objet \/ textile","publisher":{"@id":"https:\/\/www.tachesdencre.com\/blog\/#organization"},"potentialAction":[{"@type":"SearchAction","target":{"@type":"EntryPoint","urlTemplate":"https:\/\/www.tachesdencre.com\/blog\/?s={search_term_string}"},"query-input":{"@type":"PropertyValueSpecification","valueRequired":true,"valueName":"search_term_string"}}],"inLanguage":"fr-FR"},{"@type":"Organization","@id":"https:\/\/www.tachesdencre.com\/blog\/#organization","name":"TACHES D'ENCRE","url":"https:\/\/www.tachesdencre.com\/blog\/","logo":{"@type":"ImageObject","inLanguage":"fr-FR","@id":"https:\/\/www.tachesdencre.com\/blog\/#\/schema\/logo\/image\/","url":"https:\/\/www.tachesdencre.com\/blog\/wp-content\/uploads\/2016\/06\/tachesdencre-homepage-1.png","contentUrl":"https:\/\/www.tachesdencre.com\/blog\/wp-content\/uploads\/2016\/06\/tachesdencre-homepage-1.png","width":400,"height":236,"caption":"TACHES D'ENCRE"},"image":{"@id":"https:\/\/www.tachesdencre.com\/blog\/#\/schema\/logo\/image\/"},"sameAs":["https:\/\/www.facebook.com\/pages\/Taches-dencre-LAtelier-qui-se-d\u00e9tache\/202015649333","https:\/\/x.com\/tachesdencre"]},{"@type":"Person","@id":"https:\/\/www.tachesdencre.com\/blog\/#\/schema\/person\/c4ac312053f3f2f36f72295f057c304a","name":"Yoni SELLAM","sameAs":["http:\/\/www.facebook.com\/yoni.sellam","https:\/\/x.com\/yonisellam"]}]}},"_links":{"self":[{"href":"https:\/\/www.tachesdencre.com\/blog\/wp-json\/wp\/v2\/posts\/477","targetHints":{"allow":["GET"]}}],"collection":[{"href":"https:\/\/www.tachesdencre.com\/blog\/wp-json\/wp\/v2\/posts"}],"about":[{"href":"https:\/\/www.tachesdencre.com\/blog\/wp-json\/wp\/v2\/types\/post"}],"author":[{"embeddable":true,"href":"https:\/\/www.tachesdencre.com\/blog\/wp-json\/wp\/v2\/users\/1"}],"replies":[{"embeddable":true,"href":"https:\/\/www.tachesdencre.com\/blog\/wp-json\/wp\/v2\/comments?post=477"}],"version-history":[{"count":12,"href":"https:\/\/www.tachesdencre.com\/blog\/wp-json\/wp\/v2\/posts\/477\/revisions"}],"predecessor-version":[{"id":2910,"href":"https:\/\/www.tachesdencre.com\/blog\/wp-json\/wp\/v2\/posts\/477\/revisions\/2910"}],"wp:featuredmedia":[{"embeddable":true,"href":"https:\/\/www.tachesdencre.com\/blog\/wp-json\/wp\/v2\/media\/568"}],"wp:attachment":[{"href":"https:\/\/www.tachesdencre.com\/blog\/wp-json\/wp\/v2\/media?parent=477"}],"wp:term":[{"taxonomy":"category","embeddable":true,"href":"https:\/\/www.tachesdencre.com\/blog\/wp-json\/wp\/v2\/categories?post=477"},{"taxonomy":"post_tag","embeddable":true,"href":"https:\/\/www.tachesdencre.com\/blog\/wp-json\/wp\/v2\/tags?post=477"}],"curies":[{"name":"wp","href":"https:\/\/api.w.org\/{rel}","templated":true}]}}