{"id":1592,"date":"2013-09-13T11:10:05","date_gmt":"2013-09-13T09:10:05","guid":{"rendered":"http:\/\/www.tachesdencre.com\/blog\/?p=1592"},"modified":"2016-06-21T19:40:17","modified_gmt":"2016-06-21T17:40:17","slug":"tous-cap-pierre-vacances","status":"publish","type":"post","link":"https:\/\/www.tachesdencre.com\/blog\/tous-cap-pierre-vacances\/","title":{"rendered":"Tous Cap\u2019 &#8211; Pierre &#038; Vacances"},"content":{"rendered":"<p>Le groupe <a href=\"http:\/\/www.pierreetvacances.com\">Pierre &amp; Vacances<\/a> <a href=\"http:\/\/www.centerparcs.fr\">Center Parcs<\/a>, leader europ\u00e9en du tourisme innovant et durable, a lanc\u00e9 sa nouvelle politique handicap baptis\u00e9e \u00ab\u00a0Tous Cap\u2019\u00a0\u00bb.<\/p>\n<p>Cette action vise \u00e0 d\u00e9velopper l\u2019embauche de travailleurs handicap\u00e9s, adapter les environnements de travail, faciliter les \u00e9volutions de carri\u00e8res des travailleurs handicap\u00e9s, informer et sensibiliser l\u2019ensemble des collaborateurs \u00e0 la th\u00e9matique du handicap\u2026.<\/p>\n<p>L\u2019atelier a r\u00e9alis\u00e9 des blocs-notes au format A5 et des stylos en mat\u00e9riaux recycl\u00e9s afin de promouvoir cette action.<\/p>\n","protected":false},"excerpt":{"rendered":"<p>Le groupe Pierre &amp; Vacances Center Parcs, leader europ\u00e9en du tourisme innovant et durable, a lanc\u00e9 sa nouvelle politique handicap baptis\u00e9e \u00ab\u00a0Tous Cap\u2019\u00a0\u00bb. Cette action vise \u00e0 d\u00e9velopper l\u2019embauche de<a href=\"https:\/\/www.tachesdencre.com\/blog\/tous-cap-pierre-vacances\/\">&#8230;Read More<\/a><\/p>\n","protected":false},"author":1,"featured_media":1647,"comment_status":"open","ping_status":"open","sticky":false,"template":"","format":"image","meta":{"_acf_changed":false,"footnotes":""},"categories":[1,12,11],"tags":[302,276,264],"class_list":["post-1592","post","type-post","status-publish","format-image","has-post-thumbnail","hentry","category-activite","category-objet-activite","category-print-activite","tag-blocs-papier","tag-recyclage","tag-stylos","post_format-post-format-image"],"acf":[],"yoast_head":"<!-- This site is optimized with the Yoast SEO plugin v27.4 - https:\/\/yoast.com\/product\/yoast-seo-wordpress\/ -->\n<title>Tous Cap\u2019 - Pierre &amp; Vacances - Taches d&#039;encre<\/title>\n<meta name=\"robots\" content=\"index, follow, max-snippet:-1, max-image-preview:large, max-video-preview:-1\" \/>\n<link rel=\"canonical\" href=\"https:\/\/www.tachesdencre.com\/blog\/tous-cap-pierre-vacances\/\" \/>\n<meta property=\"og:locale\" content=\"fr_FR\" \/>\n<meta property=\"og:type\" content=\"article\" \/>\n<meta property=\"og:title\" content=\"Tous Cap\u2019 - Pierre &amp; Vacances - Taches d&#039;encre\" \/>\n<meta property=\"og:description\" content=\"Le groupe Pierre &amp; Vacances Center Parcs, leader europ\u00e9en du tourisme innovant et durable, a lanc\u00e9 sa nouvelle politique handicap baptis\u00e9e \u00ab\u00a0Tous Cap\u2019\u00a0\u00bb. Cette action vise \u00e0 d\u00e9velopper l\u2019embauche de...Read More\" \/>\n<meta property=\"og:url\" content=\"https:\/\/www.tachesdencre.com\/blog\/tous-cap-pierre-vacances\/\" \/>\n<meta property=\"og:site_name\" content=\"Taches d&#039;encre\" \/>\n<meta property=\"article:publisher\" content=\"https:\/\/www.facebook.com\/pages\/Taches-dencre-LAtelier-qui-se-d%c3%a9tache\/202015649333\" \/>\n<meta property=\"article:author\" content=\"http:\/\/www.facebook.com\/yoni.sellam\" \/>\n<meta property=\"article:published_time\" content=\"2013-09-13T09:10:05+00:00\" \/>\n<meta property=\"article:modified_time\" content=\"2016-06-21T17:40:17+00:00\" \/>\n<meta property=\"og:image\" content=\"https:\/\/www.tachesdencre.com\/blog\/wp-content\/uploads\/2012\/09\/pierre-et-vacances-tous-cap.jpg\" \/>\n\t<meta property=\"og:image:width\" content=\"520\" \/>\n\t<meta property=\"og:image:height\" content=\"281\" \/>\n\t<meta property=\"og:image:type\" content=\"image\/jpeg\" \/>\n<meta name=\"author\" content=\"Yoni SELLAM\" \/>\n<meta name=\"twitter:card\" content=\"summary_large_image\" \/>\n<meta name=\"twitter:creator\" content=\"@yonisellam\" \/>\n<meta name=\"twitter:site\" content=\"@tachesdencre\" \/>\n<meta name=\"twitter:label1\" content=\"\u00c9crit par\" \/>\n\t<meta name=\"twitter:data1\" content=\"Yoni SELLAM\" \/>\n<script type=\"application\/ld+json\" class=\"yoast-schema-graph\">{\"@context\":\"https:\\\/\\\/schema.org\",\"@graph\":[{\"@type\":\"Article\",\"@id\":\"https:\\\/\\\/www.tachesdencre.com\\\/blog\\\/tous-cap-pierre-vacances\\\/#article\",\"isPartOf\":{\"@id\":\"https:\\\/\\\/www.tachesdencre.com\\\/blog\\\/tous-cap-pierre-vacances\\\/\"},\"author\":{\"name\":\"Yoni SELLAM\",\"@id\":\"https:\\\/\\\/www.tachesdencre.com\\\/blog\\\/#\\\/schema\\\/person\\\/c4ac312053f3f2f36f72295f057c304a\"},\"headline\":\"Tous Cap\u2019 &#8211; Pierre &#038; Vacances\",\"datePublished\":\"2013-09-13T09:10:05+00:00\",\"dateModified\":\"2016-06-21T17:40:17+00:00\",\"mainEntityOfPage\":{\"@id\":\"https:\\\/\\\/www.tachesdencre.com\\\/blog\\\/tous-cap-pierre-vacances\\\/\"},\"wordCount\":91,\"commentCount\":0,\"publisher\":{\"@id\":\"https:\\\/\\\/www.tachesdencre.com\\\/blog\\\/#organization\"},\"image\":{\"@id\":\"https:\\\/\\\/www.tachesdencre.com\\\/blog\\\/tous-cap-pierre-vacances\\\/#primaryimage\"},\"thumbnailUrl\":\"https:\\\/\\\/www.tachesdencre.com\\\/blog\\\/wp-content\\\/uploads\\\/2012\\\/09\\\/pierre-et-vacances-tous-cap.jpg\",\"keywords\":[\"blocs papier\",\"recyclage\",\"stylos\"],\"articleSection\":[\"Notre Activit\u00e9\",\"Objet\",\"Print\"],\"inLanguage\":\"fr-FR\",\"potentialAction\":[{\"@type\":\"CommentAction\",\"name\":\"Comment\",\"target\":[\"https:\\\/\\\/www.tachesdencre.com\\\/blog\\\/tous-cap-pierre-vacances\\\/#respond\"]}]},{\"@type\":\"WebPage\",\"@id\":\"https:\\\/\\\/www.tachesdencre.com\\\/blog\\\/tous-cap-pierre-vacances\\\/\",\"url\":\"https:\\\/\\\/www.tachesdencre.com\\\/blog\\\/tous-cap-pierre-vacances\\\/\",\"name\":\"Tous Cap\u2019 - Pierre & Vacances - Taches d&#039;encre\",\"isPartOf\":{\"@id\":\"https:\\\/\\\/www.tachesdencre.com\\\/blog\\\/#website\"},\"primaryImageOfPage\":{\"@id\":\"https:\\\/\\\/www.tachesdencre.com\\\/blog\\\/tous-cap-pierre-vacances\\\/#primaryimage\"},\"image\":{\"@id\":\"https:\\\/\\\/www.tachesdencre.com\\\/blog\\\/tous-cap-pierre-vacances\\\/#primaryimage\"},\"thumbnailUrl\":\"https:\\\/\\\/www.tachesdencre.com\\\/blog\\\/wp-content\\\/uploads\\\/2012\\\/09\\\/pierre-et-vacances-tous-cap.jpg\",\"datePublished\":\"2013-09-13T09:10:05+00:00\",\"dateModified\":\"2016-06-21T17:40:17+00:00\",\"breadcrumb\":{\"@id\":\"https:\\\/\\\/www.tachesdencre.com\\\/blog\\\/tous-cap-pierre-vacances\\\/#breadcrumb\"},\"inLanguage\":\"fr-FR\",\"potentialAction\":[{\"@type\":\"ReadAction\",\"target\":[\"https:\\\/\\\/www.tachesdencre.com\\\/blog\\\/tous-cap-pierre-vacances\\\/\"]}]},{\"@type\":\"ImageObject\",\"inLanguage\":\"fr-FR\",\"@id\":\"https:\\\/\\\/www.tachesdencre.com\\\/blog\\\/tous-cap-pierre-vacances\\\/#primaryimage\",\"url\":\"https:\\\/\\\/www.tachesdencre.com\\\/blog\\\/wp-content\\\/uploads\\\/2012\\\/09\\\/pierre-et-vacances-tous-cap.jpg\",\"contentUrl\":\"https:\\\/\\\/www.tachesdencre.com\\\/blog\\\/wp-content\\\/uploads\\\/2012\\\/09\\\/pierre-et-vacances-tous-cap.jpg\",\"width\":\"520\",\"height\":\"281\",\"caption\":\"pierre-et-vacances-tous-cap\"},{\"@type\":\"BreadcrumbList\",\"@id\":\"https:\\\/\\\/www.tachesdencre.com\\\/blog\\\/tous-cap-pierre-vacances\\\/#breadcrumb\",\"itemListElement\":[{\"@type\":\"ListItem\",\"position\":1,\"name\":\"Accueil\",\"item\":\"https:\\\/\\\/www.tachesdencre.com\\\/blog\\\/\"},{\"@type\":\"ListItem\",\"position\":2,\"name\":\"Tous Cap\u2019 &#8211; Pierre &#038; Vacances\"}]},{\"@type\":\"WebSite\",\"@id\":\"https:\\\/\\\/www.tachesdencre.com\\\/blog\\\/#website\",\"url\":\"https:\\\/\\\/www.tachesdencre.com\\\/blog\\\/\",\"name\":\"Taches d&#039;encre\",\"description\":\"L&#039;Atelier qui se d\u00e9tache \\\/\\\/\\\/ web \\\/ print \\\/  objet \\\/ textile\",\"publisher\":{\"@id\":\"https:\\\/\\\/www.tachesdencre.com\\\/blog\\\/#organization\"},\"potentialAction\":[{\"@type\":\"SearchAction\",\"target\":{\"@type\":\"EntryPoint\",\"urlTemplate\":\"https:\\\/\\\/www.tachesdencre.com\\\/blog\\\/?s={search_term_string}\"},\"query-input\":{\"@type\":\"PropertyValueSpecification\",\"valueRequired\":true,\"valueName\":\"search_term_string\"}}],\"inLanguage\":\"fr-FR\"},{\"@type\":\"Organization\",\"@id\":\"https:\\\/\\\/www.tachesdencre.com\\\/blog\\\/#organization\",\"name\":\"TACHES D'ENCRE\",\"url\":\"https:\\\/\\\/www.tachesdencre.com\\\/blog\\\/\",\"logo\":{\"@type\":\"ImageObject\",\"inLanguage\":\"fr-FR\",\"@id\":\"https:\\\/\\\/www.tachesdencre.com\\\/blog\\\/#\\\/schema\\\/logo\\\/image\\\/\",\"url\":\"https:\\\/\\\/www.tachesdencre.com\\\/blog\\\/wp-content\\\/uploads\\\/2016\\\/06\\\/tachesdencre-homepage-1.png\",\"contentUrl\":\"https:\\\/\\\/www.tachesdencre.com\\\/blog\\\/wp-content\\\/uploads\\\/2016\\\/06\\\/tachesdencre-homepage-1.png\",\"width\":400,\"height\":236,\"caption\":\"TACHES D'ENCRE\"},\"image\":{\"@id\":\"https:\\\/\\\/www.tachesdencre.com\\\/blog\\\/#\\\/schema\\\/logo\\\/image\\\/\"},\"sameAs\":[\"https:\\\/\\\/www.facebook.com\\\/pages\\\/Taches-dencre-LAtelier-qui-se-d\u00e9tache\\\/202015649333\",\"https:\\\/\\\/x.com\\\/tachesdencre\"]},{\"@type\":\"Person\",\"@id\":\"https:\\\/\\\/www.tachesdencre.com\\\/blog\\\/#\\\/schema\\\/person\\\/c4ac312053f3f2f36f72295f057c304a\",\"name\":\"Yoni SELLAM\",\"sameAs\":[\"http:\\\/\\\/www.facebook.com\\\/yoni.sellam\",\"https:\\\/\\\/x.com\\\/yonisellam\"]}]}<\/script>\n<!-- \/ Yoast SEO plugin. -->","yoast_head_json":{"title":"Tous Cap\u2019 - Pierre & Vacances - Taches d&#039;encre","robots":{"index":"index","follow":"follow","max-snippet":"max-snippet:-1","max-image-preview":"max-image-preview:large","max-video-preview":"max-video-preview:-1"},"canonical":"https:\/\/www.tachesdencre.com\/blog\/tous-cap-pierre-vacances\/","og_locale":"fr_FR","og_type":"article","og_title":"Tous Cap\u2019 - Pierre & Vacances - Taches d&#039;encre","og_description":"Le groupe Pierre &amp; Vacances Center Parcs, leader europ\u00e9en du tourisme innovant et durable, a lanc\u00e9 sa nouvelle politique handicap baptis\u00e9e \u00ab\u00a0Tous Cap\u2019\u00a0\u00bb. Cette action vise \u00e0 d\u00e9velopper l\u2019embauche de...Read More","og_url":"https:\/\/www.tachesdencre.com\/blog\/tous-cap-pierre-vacances\/","og_site_name":"Taches d&#039;encre","article_publisher":"https:\/\/www.facebook.com\/pages\/Taches-dencre-LAtelier-qui-se-d%c3%a9tache\/202015649333","article_author":"http:\/\/www.facebook.com\/yoni.sellam","article_published_time":"2013-09-13T09:10:05+00:00","article_modified_time":"2016-06-21T17:40:17+00:00","og_image":[{"width":520,"height":281,"url":"https:\/\/www.tachesdencre.com\/blog\/wp-content\/uploads\/2012\/09\/pierre-et-vacances-tous-cap.jpg","type":"image\/jpeg"}],"author":"Yoni SELLAM","twitter_card":"summary_large_image","twitter_creator":"@yonisellam","twitter_site":"@tachesdencre","twitter_misc":{"\u00c9crit par":"Yoni SELLAM"},"schema":{"@context":"https:\/\/schema.org","@graph":[{"@type":"Article","@id":"https:\/\/www.tachesdencre.com\/blog\/tous-cap-pierre-vacances\/#article","isPartOf":{"@id":"https:\/\/www.tachesdencre.com\/blog\/tous-cap-pierre-vacances\/"},"author":{"name":"Yoni SELLAM","@id":"https:\/\/www.tachesdencre.com\/blog\/#\/schema\/person\/c4ac312053f3f2f36f72295f057c304a"},"headline":"Tous Cap\u2019 &#8211; Pierre &#038; Vacances","datePublished":"2013-09-13T09:10:05+00:00","dateModified":"2016-06-21T17:40:17+00:00","mainEntityOfPage":{"@id":"https:\/\/www.tachesdencre.com\/blog\/tous-cap-pierre-vacances\/"},"wordCount":91,"commentCount":0,"publisher":{"@id":"https:\/\/www.tachesdencre.com\/blog\/#organization"},"image":{"@id":"https:\/\/www.tachesdencre.com\/blog\/tous-cap-pierre-vacances\/#primaryimage"},"thumbnailUrl":"https:\/\/www.tachesdencre.com\/blog\/wp-content\/uploads\/2012\/09\/pierre-et-vacances-tous-cap.jpg","keywords":["blocs papier","recyclage","stylos"],"articleSection":["Notre Activit\u00e9","Objet","Print"],"inLanguage":"fr-FR","potentialAction":[{"@type":"CommentAction","name":"Comment","target":["https:\/\/www.tachesdencre.com\/blog\/tous-cap-pierre-vacances\/#respond"]}]},{"@type":"WebPage","@id":"https:\/\/www.tachesdencre.com\/blog\/tous-cap-pierre-vacances\/","url":"https:\/\/www.tachesdencre.com\/blog\/tous-cap-pierre-vacances\/","name":"Tous Cap\u2019 - Pierre & Vacances - Taches d&#039;encre","isPartOf":{"@id":"https:\/\/www.tachesdencre.com\/blog\/#website"},"primaryImageOfPage":{"@id":"https:\/\/www.tachesdencre.com\/blog\/tous-cap-pierre-vacances\/#primaryimage"},"image":{"@id":"https:\/\/www.tachesdencre.com\/blog\/tous-cap-pierre-vacances\/#primaryimage"},"thumbnailUrl":"https:\/\/www.tachesdencre.com\/blog\/wp-content\/uploads\/2012\/09\/pierre-et-vacances-tous-cap.jpg","datePublished":"2013-09-13T09:10:05+00:00","dateModified":"2016-06-21T17:40:17+00:00","breadcrumb":{"@id":"https:\/\/www.tachesdencre.com\/blog\/tous-cap-pierre-vacances\/#breadcrumb"},"inLanguage":"fr-FR","potentialAction":[{"@type":"ReadAction","target":["https:\/\/www.tachesdencre.com\/blog\/tous-cap-pierre-vacances\/"]}]},{"@type":"ImageObject","inLanguage":"fr-FR","@id":"https:\/\/www.tachesdencre.com\/blog\/tous-cap-pierre-vacances\/#primaryimage","url":"https:\/\/www.tachesdencre.com\/blog\/wp-content\/uploads\/2012\/09\/pierre-et-vacances-tous-cap.jpg","contentUrl":"https:\/\/www.tachesdencre.com\/blog\/wp-content\/uploads\/2012\/09\/pierre-et-vacances-tous-cap.jpg","width":"520","height":"281","caption":"pierre-et-vacances-tous-cap"},{"@type":"BreadcrumbList","@id":"https:\/\/www.tachesdencre.com\/blog\/tous-cap-pierre-vacances\/#breadcrumb","itemListElement":[{"@type":"ListItem","position":1,"name":"Accueil","item":"https:\/\/www.tachesdencre.com\/blog\/"},{"@type":"ListItem","position":2,"name":"Tous Cap\u2019 &#8211; Pierre &#038; Vacances"}]},{"@type":"WebSite","@id":"https:\/\/www.tachesdencre.com\/blog\/#website","url":"https:\/\/www.tachesdencre.com\/blog\/","name":"Taches d&#039;encre","description":"L&#039;Atelier qui se d\u00e9tache \/\/\/ web \/ print \/  objet \/ textile","publisher":{"@id":"https:\/\/www.tachesdencre.com\/blog\/#organization"},"potentialAction":[{"@type":"SearchAction","target":{"@type":"EntryPoint","urlTemplate":"https:\/\/www.tachesdencre.com\/blog\/?s={search_term_string}"},"query-input":{"@type":"PropertyValueSpecification","valueRequired":true,"valueName":"search_term_string"}}],"inLanguage":"fr-FR"},{"@type":"Organization","@id":"https:\/\/www.tachesdencre.com\/blog\/#organization","name":"TACHES D'ENCRE","url":"https:\/\/www.tachesdencre.com\/blog\/","logo":{"@type":"ImageObject","inLanguage":"fr-FR","@id":"https:\/\/www.tachesdencre.com\/blog\/#\/schema\/logo\/image\/","url":"https:\/\/www.tachesdencre.com\/blog\/wp-content\/uploads\/2016\/06\/tachesdencre-homepage-1.png","contentUrl":"https:\/\/www.tachesdencre.com\/blog\/wp-content\/uploads\/2016\/06\/tachesdencre-homepage-1.png","width":400,"height":236,"caption":"TACHES D'ENCRE"},"image":{"@id":"https:\/\/www.tachesdencre.com\/blog\/#\/schema\/logo\/image\/"},"sameAs":["https:\/\/www.facebook.com\/pages\/Taches-dencre-LAtelier-qui-se-d\u00e9tache\/202015649333","https:\/\/x.com\/tachesdencre"]},{"@type":"Person","@id":"https:\/\/www.tachesdencre.com\/blog\/#\/schema\/person\/c4ac312053f3f2f36f72295f057c304a","name":"Yoni SELLAM","sameAs":["http:\/\/www.facebook.com\/yoni.sellam","https:\/\/x.com\/yonisellam"]}]}},"_links":{"self":[{"href":"https:\/\/www.tachesdencre.com\/blog\/wp-json\/wp\/v2\/posts\/1592","targetHints":{"allow":["GET"]}}],"collection":[{"href":"https:\/\/www.tachesdencre.com\/blog\/wp-json\/wp\/v2\/posts"}],"about":[{"href":"https:\/\/www.tachesdencre.com\/blog\/wp-json\/wp\/v2\/types\/post"}],"author":[{"embeddable":true,"href":"https:\/\/www.tachesdencre.com\/blog\/wp-json\/wp\/v2\/users\/1"}],"replies":[{"embeddable":true,"href":"https:\/\/www.tachesdencre.com\/blog\/wp-json\/wp\/v2\/comments?post=1592"}],"version-history":[{"count":11,"href":"https:\/\/www.tachesdencre.com\/blog\/wp-json\/wp\/v2\/posts\/1592\/revisions"}],"predecessor-version":[{"id":2817,"href":"https:\/\/www.tachesdencre.com\/blog\/wp-json\/wp\/v2\/posts\/1592\/revisions\/2817"}],"wp:featuredmedia":[{"embeddable":true,"href":"https:\/\/www.tachesdencre.com\/blog\/wp-json\/wp\/v2\/media\/1647"}],"wp:attachment":[{"href":"https:\/\/www.tachesdencre.com\/blog\/wp-json\/wp\/v2\/media?parent=1592"}],"wp:term":[{"taxonomy":"category","embeddable":true,"href":"https:\/\/www.tachesdencre.com\/blog\/wp-json\/wp\/v2\/categories?post=1592"},{"taxonomy":"post_tag","embeddable":true,"href":"https:\/\/www.tachesdencre.com\/blog\/wp-json\/wp\/v2\/tags?post=1592"}],"curies":[{"name":"wp","href":"https:\/\/api.w.org\/{rel}","templated":true}]}}